{"id":10099,"date":"2026-08-30T09:20:19","date_gmt":"2026-08-30T06:20:19","guid":{"rendered":"https:\/\/www.phys.uaic.ro\/new-phys\/?p=10099"},"modified":"2026-08-30T09:40:05","modified_gmt":"2026-08-30T06:40:05","slug":"inter-academia-2026","status":"publish","type":"post","link":"https:\/\/www.phys.uaic.ro\/new-phys\/inter-academia-2026\/","title":{"rendered":"Inter-Academia 2026!"},"content":{"rendered":"\t\t<div data-elementor-type=\"wp-post\" data-elementor-id=\"10099\" class=\"elementor elementor-10099\">\n\t\t\t\t<div class=\"elementor-element elementor-element-7f7724ab e-flex e-con-boxed e-con e-parent\" data-id=\"7f7724ab\" data-element_type=\"container\" data-e-type=\"container\" data-settings=\"{&quot;background_background&quot;:&quot;classic&quot;}\">\n\t\t\t\t\t<div class=\"e-con-inner\">\n\t\t\t\t<div class=\"elementor-element elementor-element-1e41484b elementor-widget elementor-widget-text-editor\" data-id=\"1e41484b\" data-element_type=\"widget\" data-e-type=\"widget\" data-widget_type=\"text-editor.default\">\n\t\t\t\t<div class=\"elementor-widget-container\">\n\t\t\t\t\t\t\t\t\t\n<p class=\"wp-block-paragraph\"><img decoding=\"async\" src=\"https:\/\/static.xx.fbcdn.net\/images\/emoji.php\/v9\/tc4\/2\/16\/1f393.png\" alt=\"\ud83c\udf93\" width=\"16\" height=\"16\" \/> UniversitateaUniversitatea \u201eAlexandru Ioan Cuza&#8221; din Ia\u0219i organizeaz\u0103, \u00een perioada 31 august \u2013 4 septembrie 2026, conferin\u021ba interna\u021bional\u0103 Inter-Academia 2026 \u2013 The 23rd International Conference on Global Research and Education, care va reuni peste 100 de cadre didactice, cercet\u0103tori \u0219i speciali\u0219ti din Japonia, Ungaria, India, Polonia, Austria, Lituania, Letonia, Slovacia \u0219i Rom\u00e2nia.<\/p>\n\n<p class=\"wp-block-paragraph\"><img decoding=\"async\" src=\"https:\/\/static.xx.fbcdn.net\/images\/emoji.php\/v9\/tde\/2\/16\/1f30d.png\" alt=\"\ud83c\udf0d\" width=\"16\" height=\"16\" \/> Conferin\u021ba este o platform\u0103 interna\u021bional\u0103 dedicat\u0103 celor mai noi rezultate din cercetare, de la inteligen\u021b\u0103 artificial\u0103 \u0219i inginerie p\u00e2n\u0103 la biotehnologie, \u0219tiin\u021bele mediului \u0219i educa\u021bie.<\/p>\n\n<p class=\"wp-block-paragraph\">Comunitatea Inter-Academia, fondat\u0103 \u00een 2002, este o re\u021bea interna\u021bional\u0103 care promoveaz\u0103 colaborarea \u00eentre universit\u0103\u021bi, cercet\u0103tori, profesori \u0219i studen\u021bi, \u00een principal de la Universitatea Shizuoka din Japonia \u0219i institu\u021bii din Europa Central\u0103 \u0219i de Est. Universitatea \u201eAlexandru Ioan Cuza&#8221; din Ia\u0219i face parte din aceast\u0103 comunitate \u00eenc\u0103 din anul 2003.<\/p>\n\n<p class=\"wp-block-paragraph\"><img decoding=\"async\" src=\"https:\/\/static.xx.fbcdn.net\/images\/emoji.php\/v9\/tcc\/2\/16\/1f4cd.png\" alt=\"\ud83d\udccd\" width=\"16\" height=\"16\" \/> Mai multe informa\u021bii sunt disponibile pe pagina oficial\u0103 a conferin\u021bei: <a href=\"https:\/\/www.plasma.uaic.ro\/interAcademia\/iA2026\/?fbclid=IwcGRvZgVleHRuA2FlbQIxMABicmlkETFCT2JMRW5MMWVCeHBtc3kwc3J0YwZhcHBfaWQQMjIyMDM5MTc4ODIwMDg5MgABHlJ7uRojKUsWyGxgZIFtyARrzTKa0HFUMI2YU6yA_fqVfgFXeqR-BtFu6ONU_aem_M0rBabdQdXnR9lzUDpBs7w\" target=\"_blank\" rel=\"noopener\">https:\/\/www.plasma.uaic.ro\/interAcademia\/iA2026\/<\/a><\/p>\n\t\t\t\t\t\t\t\t<\/div>\n\t\t\t\t<\/div>\n\t\t\t\t\t<\/div>\n\t\t\t\t<\/div>\n\t\t\t\t<\/div>\n\t\t","protected":false},"excerpt":{"rendered":"<p>UniversitateaUniversitatea \u201eAlexandru Ioan Cuza&#8221; din Ia\u0219i organizeaz\u0103, \u00een perioada 31 august \u2013 4 septembrie 2026, conferin\u021ba interna\u021bional\u0103 Inter-Academia 2026 \u2013 The 23rd International Conference on Global Research and Education, care va reuni peste 100 de cadre didactice, cercet\u0103tori \u0219i speciali\u0219ti <a href=\"https:\/\/www.phys.uaic.ro\/new-phys\/inter-academia-2026\/\"> Read more&#8230;<\/a><\/p>\n","protected":false},"author":3,"featured_media":10109,"comment_status":"closed","ping_status":"closed","sticky":false,"template":"","format":"standard","meta":{"footnotes":""},"categories":[74,117],"tags":[],"class_list":["post-10099","post","type-post","status-publish","format-standard","has-post-thumbnail","hentry","category-uncategorized-ro","category-noutati"],"_links":{"self":[{"href":"https:\/\/www.phys.uaic.ro\/new-phys\/wp-json\/wp\/v2\/posts\/10099","targetHints":{"allow":["GET"]}}],"collection":[{"href":"https:\/\/www.phys.uaic.ro\/new-phys\/wp-json\/wp\/v2\/posts"}],"about":[{"href":"https:\/\/www.phys.uaic.ro\/new-phys\/wp-json\/wp\/v2\/types\/post"}],"author":[{"embeddable":true,"href":"https:\/\/www.phys.uaic.ro\/new-phys\/wp-json\/wp\/v2\/users\/3"}],"replies":[{"embeddable":true,"href":"https:\/\/www.phys.uaic.ro\/new-phys\/wp-json\/wp\/v2\/comments?post=10099"}],"version-history":[{"count":6,"href":"https:\/\/www.phys.uaic.ro\/new-phys\/wp-json\/wp\/v2\/posts\/10099\/revisions"}],"predecessor-version":[{"id":10108,"href":"https:\/\/www.phys.uaic.ro\/new-phys\/wp-json\/wp\/v2\/posts\/10099\/revisions\/10108"}],"wp:featuredmedia":[{"embeddable":true,"href":"https:\/\/www.phys.uaic.ro\/new-phys\/wp-json\/wp\/v2\/media\/10109"}],"wp:attachment":[{"href":"https:\/\/www.phys.uaic.ro\/new-phys\/wp-json\/wp\/v2\/media?parent=10099"}],"wp:term":[{"taxonomy":"category","embeddable":true,"href":"https:\/\/www.phys.uaic.ro\/new-phys\/wp-json\/wp\/v2\/categories?post=10099"},{"taxonomy":"post_tag","embeddable":true,"href":"https:\/\/www.phys.uaic.ro\/new-phys\/wp-json\/wp\/v2\/tags?post=10099"}],"curies":[{"name":"wp","href":"https:\/\/api.w.org\/{rel}","templated":true}]}}